{"id":887,"date":"2026-08-27T23:08:04","date_gmt":"2026-08-27T23:08:04","guid":{"rendered":"https:\/\/blog.fadi-fondation.org\/?p=887"},"modified":"2026-08-31T12:30:46","modified_gmt":"2026-08-31T12:30:46","slug":"distribution-gratuite-de-motos-a-15-jeunes-engages-pour-le-developpement-du-grand-lome","status":"publish","type":"post","link":"https:\/\/blog.fadi-fondation.org\/index.php\/2026\/08\/27\/distribution-gratuite-de-motos-a-15-jeunes-engages-pour-le-developpement-du-grand-lome\/","title":{"rendered":"Distribution gratuite de motos \u00e0 15 jeunes engag\u00e9s pour le d\u00e9veloppement du Grand-Lom\u00e9"},"content":{"rendered":"\n<figure class=\"wp-block-image size-large\"><img loading=\"lazy\" decoding=\"async\" width=\"1024\" height=\"576\" src=\"https:\/\/blog.fadi-fondation.org\/wp-content\/uploads\/2026\/08\/IMG_2434-1024x576.jpg\" alt=\"\" class=\"wp-image-890\" srcset=\"https:\/\/blog.fadi-fondation.org\/wp-content\/uploads\/2026\/08\/IMG_2434-1024x576.jpg 1024w, https:\/\/blog.fadi-fondation.org\/wp-content\/uploads\/2026\/08\/IMG_2434-300x169.jpg 300w, https:\/\/blog.fadi-fondation.org\/wp-content\/uploads\/2026\/08\/IMG_2434-768x432.jpg 768w, https:\/\/blog.fadi-fondation.org\/wp-content\/uploads\/2026\/08\/IMG_2434-1536x864.jpg 1536w, https:\/\/blog.fadi-fondation.org\/wp-content\/uploads\/2026\/08\/IMG_2434-2048x1152.jpg 2048w, https:\/\/blog.fadi-fondation.org\/wp-content\/uploads\/2026\/08\/IMG_2434-850x478.jpg 850w\" sizes=\"auto, (max-width: 1024px) 100vw, 1024px\" \/><\/figure>\n\n\n\n<p>Une forte mobilisation des autorit\u00e9s, \u00e9lus locaux, chefs traditionnels et membres de FADI a marqu\u00e9, ce jeudi 27 ao\u00fbt 2026 \u00e0 Baguida, la c\u00e9r\u00e9monie de remise de 15 motos \u00e0 des jeunes engag\u00e9s dans les activit\u00e9s de d\u00e9veloppement communautaire. La c\u00e9r\u00e9monie a \u00e9t\u00e9 pr\u00e9sid\u00e9e, au nom du gouvernement togolais, par les pr\u00e9fets du Golfe et d\u2019Ago\u00e8-Nyiv\u00e9.<\/p>\n\n\n\n<p>\u00c0 leurs c\u00f4t\u00e9s, plusieurs d\u00e9put\u00e9s \u00e0 l\u2019Assembl\u00e9e nationale, les maires des communes Golfe 2, Golfe 5, Golfe 7 et Ago\u00e8-Nyiv\u00e9 1, ainsi que des chefs cantons du Grand-Lom\u00e9 et des chefs traditionnels du canton de Baguida ont r\u00e9pondu pr\u00e9sents.<\/p>\n\n\n\n<figure class=\"wp-block-image\"><img decoding=\"async\" src=\"https:\/\/i0.wp.com\/www.gakogoe.tg\/wp-content\/uploads\/2026\/08\/460295.jpg?resize=1024%2C576&amp;ssl=1\" alt=\"\" class=\"wp-image-19641\"\/><\/figure>\n\n\n\n<p>Tous ont tenu \u00e0 apporter leur soutien au pr\u00e9sident-fondateur de FADI, l\u2019honorable Wona Germain, pour cette initiative en faveur de la jeunesse.<\/p>\n\n\n\n<p>La mobilisation \u00e9tait \u00e9galement forte du c\u00f4t\u00e9 des membres de la Fondation. Plusieurs groupes de femmes FADI ont massivement fait le d\u00e9placement pour soutenir cette initiative.<\/p>\n\n\n\n<p>Dans une ambiance \u00e0 la fois solennelle et festive, les artistes Zognran et Pape Djifel ont contribu\u00e9 \u00e0 l\u2019animation de la c\u00e9r\u00e9monie, afin de donner une touche culturelle \u00e0 cet \u00e9v\u00e9nement consacr\u00e9 \u00e0 l\u2019autonomisation des jeunes.<\/p>\n\n\n\n<figure class=\"wp-block-image\"><img decoding=\"async\" src=\"https:\/\/i0.wp.com\/www.gakogoe.tg\/wp-content\/uploads\/2026\/08\/460287.jpg?resize=1024%2C576&amp;ssl=1\" alt=\"\" class=\"wp-image-19643\"\/><\/figure>\n\n\n\n<p>Au nom des b\u00e9n\u00e9ficiaires, Nyadjo Koami n\u2019a pas cach\u00e9 sa satisfaction.<\/p>\n\n\n\n<p>\u00ab C\u2019est une tr\u00e8s grande joie pour nous d\u2019avoir ce don de motos qui servira pour nos activit\u00e9s et pour travailler davantage pour la Fondation FADI. Nous disons un grand merci \u00e0 la Fondation FADI et sp\u00e9cialement au pr\u00e9sident-fondateur de la Fondation FADI, l\u2019honorable Wona Germain. \u00bb<\/p>\n\n\n\n<p>Pour les b\u00e9n\u00e9ficiaires, ces motos constituent donc des outils de mobilit\u00e9 et de travail devant leur permettre d\u2019\u00eatre davantage op\u00e9rationnels sur le terrain.<\/p>\n\n\n\n<p>Pour la Fondation FADI, le choix des b\u00e9n\u00e9ficiaires r\u00e9pond \u00e0 une logique pr\u00e9cise : accompagner des jeunes d\u00e9j\u00e0 impliqu\u00e9s dans les activit\u00e9s de l\u2019organisation.<\/p>\n\n\n\n<p>\u00ab \u00c0 travers cette initiative, la Fondation FADI veut donc donner \u00e0 ces 15 jeunes un moyen suppl\u00e9mentaire de devenir autonomes et de contribuer au d\u00e9veloppement de leurs communaut\u00e9s. Nous avons privil\u00e9gi\u00e9 des jeunes engag\u00e9s, responsables et surtout fid\u00e8les aux activit\u00e9s de la Fondation FADI \u00bb, a expliqu\u00e9 Abel Kodjo Zindodji, charg\u00e9 de la communication de FADI.<\/p>\n\n\n\n<p>Et d\u2019ajouter : \u00ab L\u2019objectif n\u2019\u00e9tait pas simplement de donner des motos, mais de faire en sorte que ces \u00e9quipements puissent r\u00e9ellement servir \u00e0 renforcer les activit\u00e9s des b\u00e9n\u00e9ficiaires. \u00bb<\/p>\n\n\n\n<p>Dans son message de circonstance, le pr\u00e9fet du Golfe, Agbodjan Kossivi, a f\u00e9licit\u00e9 la Fondation FADI pour ses initiatives en faveur du d\u00e9veloppement du Togo et du Grand-Lom\u00e9 en particulier.<\/p>\n\n\n\n<p>Il a \u00e9galement exhort\u00e9 les b\u00e9n\u00e9ficiaires \u00e0 faire un usage responsable des motos re\u00e7ues et \u00e0 respecter scrupuleusement le Code de la route.<\/p>\n\n\n\n<p>Cr\u00e9\u00e9e en 2013, la Fondation Afrique D\u00e9veloppement International intervient dans plusieurs domaines, notamment l\u2019action humanitaire, l\u2019\u00e9ducation, la sant\u00e9 et l\u2019environnement.<\/p>\n\n\n\n<p>Elle dispose depuis 2018 du statut consultatif sp\u00e9cial aupr\u00e8s du Conseil \u00e9conomique et social des Nations unies (ECOSOC).<\/p>\n","protected":false},"excerpt":{"rendered":"<p>Une forte mobilisation des autorit\u00e9s, \u00e9lus locaux, chefs traditionnels et membres de FADI a marqu\u00e9, ce jeudi 27 ao\u00fbt 2026 \u00e0 Baguida, la&hellip;<\/p>\n","protected":false},"author":2,"featured_media":888,"comment_status":"open","ping_status":"open","sticky":true,"template":"","format":"standard","meta":{"footnotes":""},"categories":[20],"tags":[30,29,25,28,27],"class_list":["post-887","post","type-post","status-publish","format-standard","has-post-thumbnail","hentry","category-lutte-contre-la-pauvrete","tag-don-de-motos","tag-ecosoc","tag-fondation-fadi","tag-onu","tag-wona-germain"],"_links":{"self":[{"href":"https:\/\/blog.fadi-fondation.org\/index.php\/wp-json\/wp\/v2\/posts\/887","targetHints":{"allow":["GET"]}}],"collection":[{"href":"https:\/\/blog.fadi-fondation.org\/index.php\/wp-json\/wp\/v2\/posts"}],"about":[{"href":"https:\/\/blog.fadi-fondation.org\/index.php\/wp-json\/wp\/v2\/types\/post"}],"author":[{"embeddable":true,"href":"https:\/\/blog.fadi-fondation.org\/index.php\/wp-json\/wp\/v2\/users\/2"}],"replies":[{"embeddable":true,"href":"https:\/\/blog.fadi-fondation.org\/index.php\/wp-json\/wp\/v2\/comments?post=887"}],"version-history":[{"count":2,"href":"https:\/\/blog.fadi-fondation.org\/index.php\/wp-json\/wp\/v2\/posts\/887\/revisions"}],"predecessor-version":[{"id":891,"href":"https:\/\/blog.fadi-fondation.org\/index.php\/wp-json\/wp\/v2\/posts\/887\/revisions\/891"}],"wp:featuredmedia":[{"embeddable":true,"href":"https:\/\/blog.fadi-fondation.org\/index.php\/wp-json\/wp\/v2\/media\/888"}],"wp:attachment":[{"href":"https:\/\/blog.fadi-fondation.org\/index.php\/wp-json\/wp\/v2\/media?parent=887"}],"wp:term":[{"taxonomy":"category","embeddable":true,"href":"https:\/\/blog.fadi-fondation.org\/index.php\/wp-json\/wp\/v2\/categories?post=887"},{"taxonomy":"post_tag","embeddable":true,"href":"https:\/\/blog.fadi-fondation.org\/index.php\/wp-json\/wp\/v2\/tags?post=887"}],"curies":[{"name":"wp","href":"https:\/\/api.w.org\/{rel}","templated":true}]}}