{"id":835,"date":"2026-04-28T10:28:07","date_gmt":"2026-04-28T08:28:07","guid":{"rendered":"https:\/\/blog.fadi-fondation.org\/?p=835"},"modified":"2026-04-28T10:28:07","modified_gmt":"2026-04-28T08:28:07","slug":"amelioration-des-infrastructures-sanitaires-le-cms-de-devego-desormais-securise-grace-a-la-fondation-fadi","status":"publish","type":"post","link":"https:\/\/blog.fadi-fondation.org\/index.php\/2026\/04\/28\/amelioration-des-infrastructures-sanitaires-le-cms-de-devego-desormais-securise-grace-a-la-fondation-fadi\/","title":{"rendered":"Am\u00e9lioration des infrastructures sanitaires : le CMS de D\u00e9v\u00e9go d\u00e9sormais s\u00e9curis\u00e9 gr\u00e2ce \u00e0 la Fondation FADI"},"content":{"rendered":"\n<p>La Fondation Afrique D\u00e9veloppement International (FADI) sous la pr\u00e9sidence de l&rsquo;Honorable Wona Kokouvi Germain, a officiellement remis les travaux de construction de la cl\u00f4ture du Centre M\u00e9dico-Social (CMS) de D\u00e9v\u00e9go, jeudi 23 avril 2026. Une c\u00e9r\u00e9monie officielle marqu\u00e9e par la pr\u00e9sence de plusieurs autorit\u00e9s locales administratives et politiques marquant ainsi une \u00e9tape importante dans l\u2019am\u00e9lioration des conditions de s\u00e9curit\u00e9 et de fonctionnement du CMS de D\u00e9v\u00e9go.<\/p>\n\n\n\n<figure class=\"wp-block-image size-full\"><img loading=\"lazy\" decoding=\"async\" width=\"960\" height=\"540\" src=\"https:\/\/blog.fadi-fondation.org\/wp-content\/uploads\/2026\/04\/IMG-20260428-WA0127.jpg\" alt=\"\" class=\"wp-image-838\" srcset=\"https:\/\/blog.fadi-fondation.org\/wp-content\/uploads\/2026\/04\/IMG-20260428-WA0127.jpg 960w, https:\/\/blog.fadi-fondation.org\/wp-content\/uploads\/2026\/04\/IMG-20260428-WA0127-300x169.jpg 300w, https:\/\/blog.fadi-fondation.org\/wp-content\/uploads\/2026\/04\/IMG-20260428-WA0127-768x432.jpg 768w, https:\/\/blog.fadi-fondation.org\/wp-content\/uploads\/2026\/04\/IMG-20260428-WA0127-850x478.jpg 850w\" sizes=\"auto, (max-width: 960px) 100vw, 960px\" \/><\/figure>\n\n\n\n<figure class=\"wp-block-image size-large\"><img loading=\"lazy\" decoding=\"async\" width=\"1024\" height=\"576\" src=\"https:\/\/blog.fadi-fondation.org\/wp-content\/uploads\/2026\/04\/IMG-20260428-WA0130-1024x576.jpg\" alt=\"\" class=\"wp-image-839\" srcset=\"https:\/\/blog.fadi-fondation.org\/wp-content\/uploads\/2026\/04\/IMG-20260428-WA0130-1024x576.jpg 1024w, https:\/\/blog.fadi-fondation.org\/wp-content\/uploads\/2026\/04\/IMG-20260428-WA0130-300x169.jpg 300w, https:\/\/blog.fadi-fondation.org\/wp-content\/uploads\/2026\/04\/IMG-20260428-WA0130-768x432.jpg 768w, https:\/\/blog.fadi-fondation.org\/wp-content\/uploads\/2026\/04\/IMG-20260428-WA0130-850x478.jpg 850w, https:\/\/blog.fadi-fondation.org\/wp-content\/uploads\/2026\/04\/IMG-20260428-WA0130.jpg 1080w\" sizes=\"auto, (max-width: 1024px) 100vw, 1024px\" \/><\/figure>\n\n\n\n<figure class=\"wp-block-image size-large\"><img loading=\"lazy\" decoding=\"async\" width=\"1024\" height=\"576\" src=\"https:\/\/blog.fadi-fondation.org\/wp-content\/uploads\/2026\/04\/IMG-20260428-WA0131-1024x576.jpg\" alt=\"\" class=\"wp-image-837\" srcset=\"https:\/\/blog.fadi-fondation.org\/wp-content\/uploads\/2026\/04\/IMG-20260428-WA0131-1024x576.jpg 1024w, https:\/\/blog.fadi-fondation.org\/wp-content\/uploads\/2026\/04\/IMG-20260428-WA0131-300x169.jpg 300w, https:\/\/blog.fadi-fondation.org\/wp-content\/uploads\/2026\/04\/IMG-20260428-WA0131-768x432.jpg 768w, https:\/\/blog.fadi-fondation.org\/wp-content\/uploads\/2026\/04\/IMG-20260428-WA0131-850x478.jpg 850w, https:\/\/blog.fadi-fondation.org\/wp-content\/uploads\/2026\/04\/IMG-20260428-WA0131.jpg 1080w\" sizes=\"auto, (max-width: 1024px) 100vw, 1024px\" \/><\/figure>\n\n\n\n<p>Cette initiative s\u2019inscrit dans une dynamique de renforcement du syst\u00e8me de sant\u00e9 communautaire, en r\u00e9ponse directe aux pr\u00e9occupations exprim\u00e9es par les populations locales. Pendant plusieurs ann\u00e9es, le centre faisait face \u00e0 divers probl\u00e8mes, notamment l\u2019ins\u00e9curit\u00e9 li\u00e9e \u00e0 l\u2019absence de cl\u00f4ture et la divagation d\u2019animaux dans son enceinte.<\/p>\n\n\n\n<p>Selon les responsables de la Fondation FADI, ce projet est le fruit d\u2019une collaboration \u00e9troite avec les habitants de D\u00e9v\u00e9go. Ces derniers avaient sollicit\u00e9 l\u2019appui de la fondation afin de s\u00e9curiser le centre, am\u00e9liorer l\u2019organisation des soins et garantir un environnement plus serein pour les patients comme pour le personnel soignant.<\/p>\n\n\n\n<p>\u00ab Donner, ce n\u2019est pas seulement offrir du mat\u00e9riel, c\u2019est aussi un acte de solidarit\u00e9 et d\u2019humanit\u00e9 \u00bb, a soulign\u00e9 Germain Wona, pr\u00e9sident de la FADI-Togo, rappelant que l\u2019engagement de la Fondation FADI repose sur une relation de confiance construite avec les communaut\u00e9s depuis plusieurs ann\u00e9es.<\/p>\n\n\n\n<p>La nouvelle cl\u00f4ture permettra d\u00e9sormais de mieux contr\u00f4ler l\u2019acc\u00e8s au CMS D\u00e9v\u00e9go, de pr\u00e9server les infrastructures et d\u2019assurer la tranquillit\u00e9 n\u00e9cessaire \u00e0 la prise en charge des patients. Elle contribue \u00e9galement \u00e0 instaurer un cadre plus professionnel pour les agents de sant\u00e9, favorisant ainsi une meilleure qualit\u00e9 de service.<\/p>\n\n\n\n<p>Pour les autorit\u00e9s locales et les b\u00e9n\u00e9ficiaires, cette r\u00e9alisation d\u00e9passe le simple aspect infrastructurel. Elle constitue un levier essentiel pour renforcer la confiance des populations envers les services de sant\u00e9 de proximit\u00e9.<\/p>\n\n\n\n<p>Avec cette r\u00e9alisation, la Fondation FADI confirme son engagement en faveur du d\u00e9veloppement social et sanitaire au Togo. D\u2019autres projets similaires pourraient voir le jour dans la commune du Golfe 6 et au-del\u00e0, afin de r\u00e9pondre aux besoins prioritaires des communaut\u00e9s.<\/p>\n\n\n\n<p>Cette action illustre une fois de plus le r\u00f4le d\u00e9terminant des organisations de la soci\u00e9t\u00e9 civile dans l\u2019am\u00e9lioration des conditions de vie, en compl\u00e9ment des efforts des pouvoirs publics.<\/p>\n","protected":false},"excerpt":{"rendered":"<p>La Fondation Afrique D\u00e9veloppement International (FADI) sous la pr\u00e9sidence de l&rsquo;Honorable Wona Kokouvi Germain, a officiellement remis les travaux de construction de la&hellip;<\/p>\n","protected":false},"author":2,"featured_media":836,"comment_status":"open","ping_status":"open","sticky":false,"template":"","format":"standard","meta":{"footnotes":""},"categories":[5],"tags":[],"class_list":["post-835","post","type-post","status-publish","format-standard","has-post-thumbnail","hentry","category-bonne-sante-et-bien-etre"],"_links":{"self":[{"href":"https:\/\/blog.fadi-fondation.org\/index.php\/wp-json\/wp\/v2\/posts\/835","targetHints":{"allow":["GET"]}}],"collection":[{"href":"https:\/\/blog.fadi-fondation.org\/index.php\/wp-json\/wp\/v2\/posts"}],"about":[{"href":"https:\/\/blog.fadi-fondation.org\/index.php\/wp-json\/wp\/v2\/types\/post"}],"author":[{"embeddable":true,"href":"https:\/\/blog.fadi-fondation.org\/index.php\/wp-json\/wp\/v2\/users\/2"}],"replies":[{"embeddable":true,"href":"https:\/\/blog.fadi-fondation.org\/index.php\/wp-json\/wp\/v2\/comments?post=835"}],"version-history":[{"count":1,"href":"https:\/\/blog.fadi-fondation.org\/index.php\/wp-json\/wp\/v2\/posts\/835\/revisions"}],"predecessor-version":[{"id":840,"href":"https:\/\/blog.fadi-fondation.org\/index.php\/wp-json\/wp\/v2\/posts\/835\/revisions\/840"}],"wp:featuredmedia":[{"embeddable":true,"href":"https:\/\/blog.fadi-fondation.org\/index.php\/wp-json\/wp\/v2\/media\/836"}],"wp:attachment":[{"href":"https:\/\/blog.fadi-fondation.org\/index.php\/wp-json\/wp\/v2\/media?parent=835"}],"wp:term":[{"taxonomy":"category","embeddable":true,"href":"https:\/\/blog.fadi-fondation.org\/index.php\/wp-json\/wp\/v2\/categories?post=835"},{"taxonomy":"post_tag","embeddable":true,"href":"https:\/\/blog.fadi-fondation.org\/index.php\/wp-json\/wp\/v2\/tags?post=835"}],"curies":[{"name":"wp","href":"https:\/\/api.w.org\/{rel}","templated":true}]}}